{"id":7,"date":"2026-01-18T20:19:50","date_gmt":"2026-01-18T23:19:50","guid":{"rendered":"http:\/\/apenascontinue.com.br\/?p=7"},"modified":"2026-01-27T15:02:02","modified_gmt":"2026-01-27T18:02:02","slug":"sob-a-luz-da-reconciliacao","status":"publish","type":"post","link":"https:\/\/apenascontinue.com.br\/?p=7","title":{"rendered":"Sob a Luz da Reconcilia\u00e7\u00e3o"},"content":{"rendered":"\n<figure class=\"wp-block-image size-full\"><img fetchpriority=\"high\" decoding=\"async\" width=\"1024\" height=\"1024\" src=\"http:\/\/apenascontinue.com.br\/wp-content\/uploads\/2026\/01\/imagem-blog-perdao.jpg\" alt=\"\" class=\"wp-image-9\" srcset=\"https:\/\/apenascontinue.com.br\/wp-content\/uploads\/2026\/01\/imagem-blog-perdao.jpg 1024w, https:\/\/apenascontinue.com.br\/wp-content\/uploads\/2026\/01\/imagem-blog-perdao-300x300.jpg 300w, https:\/\/apenascontinue.com.br\/wp-content\/uploads\/2026\/01\/imagem-blog-perdao-150x150.jpg 150w, https:\/\/apenascontinue.com.br\/wp-content\/uploads\/2026\/01\/imagem-blog-perdao-768x768.jpg 768w\" sizes=\"(max-width: 1024px) 100vw, 1024px\" \/><\/figure>\n\n\n\n<p class=\"wp-block-paragraph\">Bom dia, irm\u00e3o Henrique.<\/p>\n\n\n\n<p class=\"wp-block-paragraph\">Recentemente soube que voc\u00ea pretende me procurar. Refleti bastante se isso seria conveniente e qual seria o real interesse em estar perto de mim agora, buscando entender o que teria mudado em sua atitude perante minha pessoa. Prezo, acima de tudo, pela paz e pela transpar\u00eancia absoluta, e saiba que estou aberto ao di\u00e1logo, desde que o prop\u00f3sito seja construir uma amizade pautada na honra, na dignidade e na verdade.<\/p>\n\n\n\n<p class=\"wp-block-paragraph\">Para que esse encontro ocorra de forma produtiva, preparei uma reflex\u00e3o documentada exclusiva para voc\u00ea, que traz luz aos fatos e esclarece o tom da caminhada que n\u00f3s dois devemos seguir daqui em diante. Se sua inten\u00e7\u00e3o for realmente pautada na postura de um homem de bem, eu lhe enviarei esse conte\u00fado para que voc\u00ea tome conhecimento antes de nos falarmos pessoalmente. Ap\u00f3s voc\u00ea ponderar sobre esse conte\u00fado, e havendo entendimento sincero e compromisso fiel, quem sabe poderemos, enfim, nutrir respeito, amizade verdadeira pautada em amor de irm\u00e3os, perd\u00e3o e recome\u00e7o.<\/p>\n\n\n\n<p class=\"wp-block-paragraph\">Como voc\u00ea deseja conduzir isso?<\/p>\n\n\n\n<p class=\"wp-block-paragraph\">Atenciosamente,<\/p>\n\n\n\n<p class=\"wp-block-paragraph\">Ricardo<\/p>\n\n\n\n<h4 class=\"wp-block-heading\">### O Convite para o Encontro Definitivo<\/h4>\n\n\n\n<p class=\"wp-block-paragraph\">Henrique, para o caso de a reconstru\u00e7\u00e3o de nossos la\u00e7os parecer um fardo pesado demais \u2014 e sei que \u00e9 \u2014 ou se o conv\u00edvio familiar soar como uma nota dissonante em nossa jornada, quero que saiba que a vida nos oferece caminhos de luz al\u00e9m da conviv\u00eancia cotidiana. Se o amor n\u00e3o encontra solo para florescer no dia a dia, talvez possamos nos permitir apenas um \u00fanico entardecer suspenso no tempo, com in\u00edcio, meio e fim. Um momento despojado de toda futilidade e do ouro passageiro, onde nossas ess\u00eancias se encontrem a s\u00f3s para resgatar o que houve de bom e alinhar nossas almas ainda neste plano, permitindo que o perd\u00e3o sele nossa despedida neste ciclo de vida.<\/p>\n\n\n\n<p class=\"wp-block-paragraph\">EU N\u00c3O SOU PRISIONEIRO DO MEU PASSADO, EU SOU CRIADOR CONCIENTE DE MINHA ETERNIDADE<\/p>\n\n\n\n<p class=\"wp-block-paragraph\">Somos viajantes imortais em uma breve experi\u00eancia material; quem sabe se, nesse espa\u00e7o de honestidade, n\u00e3o conseguiremos desatar n\u00f3s que nos prendem h\u00e1 muitas exist\u00eancias? Proponho que nos perdoemos para, ent\u00e3o, nos despedirmos com a serenidade de quem cumpriu uma etapa. Que fique claro: este seria o nosso \u00faltimo entardecer juntos neste plano, um momento final de pacifica\u00e7\u00e3o e entrega m\u00fatua, para que o nosso pr\u00f3ximo reencontro ocorra apenas na eternidade, onde a luz j\u00e1 ter\u00e1 purificado todas as sombras e n\u00e3o haver\u00e1 mais necessidade de retornarmos aos mesmos erros.<\/p>\n\n\n\n<p class=\"wp-block-paragraph\"><\/p>\n\n\n\n<p class=\"has-accent-color has-text-color has-link-color wp-elements-1 wp-block-paragraph\"><strong>Prezado irm\u00e3o Henrique,<\/strong><\/p>\n\n\n\n<p class=\"has-accent-color has-text-color has-link-color wp-elements-2 wp-block-paragraph\">Escrevo com o cora\u00e7\u00e3o despido de armaduras, buscando a voz do Ricardo que corria ao seu lado na inf\u00e2ncia. Antes de homens, somos filhos do mesmo ventre. Escrevo guiado pelo preceito de Cristo, que nos ensinou a perdoar setenta vezes sete, pois a paz s\u00f3 floresce onde a miseric\u00f3rdia vence o orgulho. Este amor \u00e9 o que me move agora; ele \u00e9 grande demais para aceitar o sil\u00eancio ou a meia verdade..<\/p>\n\n\n\n<p class=\"has-accent-color has-text-color has-link-color wp-elements-3 wp-block-paragraph\">Quero lhe estender a m\u00e3o irm\u00e3o, mas para que nosso abra\u00e7o seja real, precisamos caminhar juntos pelo jardim da nossa hist\u00f3ria, reconhecendo onde as flores cresceram e onde os espinhos nos feriram.<\/p>\n\n\n\n<p class=\"has-accent-color has-text-color has-link-color wp-elements-4 wp-block-paragraph\">N\u00e3o existe perd\u00e3o real onde resta a mentira ou o sil\u00eancio sobre os fatos. Antes de vislumbrarmos um novo horizonte, \u00e9 imperativo encararmos a nossa realidade de frente. A minha seguran\u00e7a vem da transpar\u00eancia, e o meu prop\u00f3sito \u00e9 que o amor de irm\u00e3os encontre, finalmente, um terreno honesto para florescer..<\/p>\n\n\n\n<p class=\"has-accent-color has-text-color has-link-color wp-elements-5 wp-block-paragraph\">Na \u00faltima vez que nos falamos, quando voc\u00ea me procurou em minha casa e eu o convidei para caminhar aqui na praia, no Morro Branco, percebi com tristeza que sua mem\u00f3ria estava seletiva, guardando apenas o que lhe convinha. Para que o seu &#8220;eu verdadeiro&#8221; possa reencontrar o meu, decidi trazer \u00e0 luz alguns dos fatos concretos da nossa r\u00e1pida jornada. Fa\u00e7o isso n\u00e3o para ferir, mas para despertar em voc\u00ea a consci\u00eancia necess\u00e1ria para a nossa cura.<\/p>\n\n\n\n<p class=\"has-accent-color has-text-color has-link-color wp-elements-6 wp-block-paragraph\">Minha lealdade e meu amparo para com voc\u00ea foram longos e constantes. Trago aqui estes epis\u00f3dios para deixar registrado, e para despertar o seu conhecimento, que, durante nossa caminhada, eu, seu irm\u00e3o mais novo, estive presente em diversas ocasi\u00f5es em que voc\u00ea mais precisou.<\/p>\n\n\n\n<figure class=\"wp-block-image size-large\"><img decoding=\"async\" width=\"1024\" height=\"721\" src=\"http:\/\/apenascontinue.com.br\/wp-content\/uploads\/2026\/01\/Narcelio-TRATADAS-3-1024x721.jpg\" alt=\"\" class=\"wp-image-10\" srcset=\"https:\/\/apenascontinue.com.br\/wp-content\/uploads\/2026\/01\/Narcelio-TRATADAS-3-1024x721.jpg 1024w, https:\/\/apenascontinue.com.br\/wp-content\/uploads\/2026\/01\/Narcelio-TRATADAS-3-300x211.jpg 300w, https:\/\/apenascontinue.com.br\/wp-content\/uploads\/2026\/01\/Narcelio-TRATADAS-3-768x540.jpg 768w, https:\/\/apenascontinue.com.br\/wp-content\/uploads\/2026\/01\/Narcelio-TRATADAS-3-1536x1081.jpg 1536w, https:\/\/apenascontinue.com.br\/wp-content\/uploads\/2026\/01\/Narcelio-TRATADAS-3-2048x1441.jpg 2048w\" sizes=\"(max-width: 1024px) 100vw, 1024px\" \/><\/figure>\n\n\n\n<p class=\"has-accent-color has-text-color has-link-color wp-elements-7 wp-block-paragraph\"><strong>Um Bra\u00e7o de Apoio nas Horas de Necessidade<\/strong><\/p>\n\n\n\n<p class=\"has-accent-color has-text-color has-link-color wp-elements-8 wp-block-paragraph\">Recordo primeiramente, do per\u00edodo em que voc\u00ea morava em Bras\u00edlia. Naquela \u00e9poca, os pedidos de socorro vinham atrav\u00e9s de cartas pelos Correios, e eu nunca hesitei: realizei in\u00fameros envios de recursos financeiros nos momentos de sua maior urg\u00eancia. Voc\u00ea recorda das cartas e dos recursos que eu enviava, lembra de algo mano?<\/p>\n\n\n\n<p class=\"has-accent-color has-text-color has-link-color wp-elements-9 wp-block-paragraph\">Em outro momento voc\u00ea n\u00e3o tinha onde morar, eu lhe estendi a m\u00e3o e cedi um espa\u00e7o para que voc\u00ea residisse pelo tempo que fosse necess\u00e1rio, uma kit situada atr\u00e1s da Unifor, lhe ajudou em algo irm\u00e3o, consegue lembrar com gratid\u00e3o deste fato, mano?<\/p>\n\n\n\n<p class=\"has-accent-color has-text-color has-link-color wp-elements-10 wp-block-paragraph\">Anos mais tarde, quando novamente o desamparo bateu \u00e0 sua porta e voc\u00ea n\u00e3o tinha onde morar, trouxe voc\u00ea par minha casa na Rua Carlos Vasconcelos. Al\u00e9m da moradia, viabilizei um trabalho para voc\u00ea junto aos meus neg\u00f3cios de estamparia de camisas; voc\u00ea \u00e9 capaz de lembrar com gratid\u00e3o, irm\u00e3o?<\/p>\n\n\n\n<p class=\"has-accent-color has-text-color has-link-color wp-elements-11 wp-block-paragraph\">Houve tamb\u00e9m um gesto de profunda responsabilidade e zelo: o registro de seu filho em cart\u00f3rio. Assumi a paternidade legal de Lucas Henrique em um ato de puro amor e prote\u00e7\u00e3o, pois o menino precisava viajar para Mossor\u00f3\/RN com a m\u00e3e e o embarque era impedido pela falta de documentos, enquanto voc\u00ea residia no Rio de Janeiro. Dei a ele o seu pr\u00f3prio nome com todo o respeito; voc\u00ea \u00e9 capaz de reconhecer dignidade neste gesto, mano? J\u00e1 parou para pensar que seu nome foi preservado pelo amor e respeito que sempre tive por voc\u00ea? Nunca pretendi usurpar o infante; o registrei com o seu nome, &#8220;Henrique&#8221;. Mano, voc\u00ea consegue entender a grandeza neste ato?<\/p>\n\n\n\n<p class=\"has-accent-color has-text-color has-link-color wp-elements-12 wp-block-paragraph\">Fui eu, ainda, movido por um profundo desejo de ver sua felicidade e estabilidade, quem o incentivou a dar o passo da uni\u00e3o e do amor ao se casar com a Aline, para que voc\u00eas pudessem edificar o pr\u00f3prio lar, conduzir suas finan\u00e7as com independ\u00eancia e florescer em sua pr\u00f3pria fam\u00edlia, deixando para tr\u00e1s a depend\u00eancia de nossa m\u00e3e. Fiz isso porque acreditava na beleza da sua caminhada e queria que voc\u00ea experimentasse a dignidade de ser o senhor do seu destino ao lado de quem escolheu; voc\u00ea \u00e9 capaz de recordar com carinho desse meu apoio \u00e0 sua felicidade, meu irm\u00e3o?<\/p>\n\n\n\n<p class=\"has-accent-color has-text-color has-link-color wp-elements-13 wp-block-paragraph\">No campo profissional, que \u00e9 o alicerce da sua realidade de hoje, eu estive presente em seus passos iniciais, executando de forma gratuita a reabilita\u00e7\u00e3o de in\u00fameras empresas antigas com CNPJs inativos que voc\u00ea me trazia, um trabalho t\u00e9cnico que permitiu que voc\u00ea resgatasse patrim\u00f4nios e recebesse rendimentos fundamentais para sua subsist\u00eancia na \u00e9poca; eu jamais aceitei nada por esse servi\u00e7o, pois via no seu progresso a minha satisfa\u00e7\u00e3o como irm\u00e3o. <\/p>\n\n\n\n<p class=\"has-accent-color has-text-color has-link-color wp-elements-14 wp-block-paragraph\">Quando voc\u00ea iniciou o trabalho com a Nordeste, seu escrit\u00f3rio se limitava a um pequeno quarto l\u00e1 no Barroso, pr\u00f3ximo ao Castel\u00e3o e, em um gesto de puro amor e amizade, lhe cedi um equipamento completo, um computador 286 junto com uma impressora, para que voc\u00ea pudesse ter a dignidade de um espa\u00e7o de trabalho pr\u00f3prio. Fui pessoalmente instalar tudo e ainda guardo na mem\u00f3ria a sua felicidade ao poder, enfim, elaborar seus documentos com autonomia. Por isso pergunto, com o cora\u00e7\u00e3o aberto: esse suporte no momento em que voc\u00ea mais precisava de uma base foi \u00fatil para voc\u00ea se tornar quem \u00e9 hoje? Voc\u00ea \u00e9 capaz de recordar com gratid\u00e3o de quem o ajudou a regar suas primeiras sementes do seu trabalho, mano?<\/p>\n\n\n\n<figure class=\"wp-block-image size-full\"><img decoding=\"async\" width=\"1024\" height=\"1024\" src=\"http:\/\/apenascontinue.com.br\/wp-content\/uploads\/2026\/01\/imagem-de-pessoas-conversando-e-um-anjo-olhando.jpg\" alt=\"\" class=\"wp-image-11\" srcset=\"https:\/\/apenascontinue.com.br\/wp-content\/uploads\/2026\/01\/imagem-de-pessoas-conversando-e-um-anjo-olhando.jpg 1024w, https:\/\/apenascontinue.com.br\/wp-content\/uploads\/2026\/01\/imagem-de-pessoas-conversando-e-um-anjo-olhando-300x300.jpg 300w, https:\/\/apenascontinue.com.br\/wp-content\/uploads\/2026\/01\/imagem-de-pessoas-conversando-e-um-anjo-olhando-150x150.jpg 150w, https:\/\/apenascontinue.com.br\/wp-content\/uploads\/2026\/01\/imagem-de-pessoas-conversando-e-um-anjo-olhando-768x768.jpg 768w\" sizes=\"(max-width: 1024px) 100vw, 1024px\" \/><\/figure>\n\n\n\n<p class=\"has-accent-color has-text-color has-link-color wp-elements-15 wp-block-paragraph\"><strong>Reconhecer a Verdade, Primeiro Passo do Arrependimento<\/strong><\/p>\n\n\n\n<p class=\"has-accent-color has-text-color has-link-color wp-elements-16 wp-block-paragraph\">Meu irm\u00e3o, \u00e9 com um peso na alma, mas com a convic\u00e7\u00e3o de que a dignidade liberta, que trago agora o contraste doloroso dessa nossa jornada. Fa\u00e7o isso n\u00e3o por amargura, mas porque a sua mem\u00f3ria seletiva parece ter ignorado os danos e o sofrimento que se projetaram sobre mim ao longo do tempo. Para que o nosso reencontro seja fundamentado na luz, \u00e9 preciso que voc\u00ea tamb\u00e9m reconhe\u00e7a onde a sua m\u00e3o feriu quem apenas desejava o seu bem. Trago estes fatos como em um espelho, na esperan\u00e7a sincera de que o reconhecimento do erro abra caminho para um arrependimento genu\u00edno e para a paz que s\u00f3 o perd\u00e3o real pode selar.<\/p>\n\n\n\n<p class=\"has-accent-color has-text-color has-link-color wp-elements-17 wp-block-paragraph\">Voc\u00ea se recorda de quando insistiu para que eu emprestasse minha moto CB400 ao nosso outro irm\u00e3o, sob o pretexto de um simples passeio com a namorada? Voc\u00ea insistiu at\u00e9 me convencer, mas a verdade apareceu logo: era uma trama. Voc\u00ea seguiu na garupa e ambos sumiram por semanas, devolvendo a moto com o motor destru\u00eddo por falta de \u00f3leo, motivo pelo qual a vendi na \u00e9poca . Trago isso agora porque esse epis\u00f3dio, embora antigo, talvez explique um pouco o por que a dist\u00e2ncia entre n\u00f3s se tornou t\u00e3o grande. Ali voc\u00ea deu in\u00edcio um padr\u00e3o que ignorou a verdade, respeito e amor que todos n\u00f3s merec\u00edamos. Voc\u00ea se lembra disso, irm\u00e3o?<\/p>\n\n\n\n<p class=\"has-accent-color has-text-color has-link-color wp-elements-18 wp-block-paragraph\">Voc\u00ea se recorda das duas ocasi\u00f5es em que, durante a madrugada, colocou um canivete em minha garganta? Isso ocorreu em Morro Branco, na casa de nossa fam\u00edlia. Lembra dessas infelizes ocorr\u00eancias, voc\u00ea realmente queria tirar minha vida mano?<\/p>\n\n\n\n<p class=\"has-accent-color has-text-color has-link-color wp-elements-19 wp-block-paragraph\">Voc\u00ea recorda das duas vezes em que tentou suic\u00eddio e, em ambas, eu estava l\u00e1 para lhe socorrer e buscar ajuda? Talvez n\u00e3o se lembre por estar desfalecido, mas eu fui um dos que fiquei ao seu lado, irm\u00e3o.<\/p>\n\n\n\n<p class=\"has-accent-color has-text-color has-link-color wp-elements-20 wp-block-paragraph\">Houve um epis\u00f3dio que marcou negativamente o in\u00edcio da minha trajet\u00f3ria no Turismo. Voc\u00ea residia na mesma casa onde outrora era a estamparia, eu organizava uma excurs\u00e3o inaugural ao Paraguai. No momento exato em que o \u00f4nibus estacionou e os cinquenta passageiros, junto a seus familiares, se reuniam para o embarque e as despedidas, voc\u00ea surgiu com uma desfa\u00e7atez inacredit\u00e1vel: subiu no muro, bem em frente \u00e0 porta do ve\u00edculo, e acendeu um baseado de maconha diante de todos. Foi um ato deliberado que feriu a minha credibilidade profissional perante meus clientes, justamente quando eu empenhava todo o meu sonho para consolidar um novo neg\u00f3cio. O que o levava a querer manchar a minha reputa\u00e7\u00e3o em um momento t\u00e3o solene para o meu trabalho? Voc\u00ea \u00e9 capaz de reconhecer o dano que causou ali, mano? <\/p>\n\n\n\n<p class=\"has-accent-color has-text-color has-link-color wp-elements-21 wp-block-paragraph\">Houve momentos em que sua conduta cruzou fronteiras que a dignidade deveria ter protegido. Voc\u00ea se recorda das tentativas de se aproximar da Val\u00e9ria? Ela, em sua integridade, partilhava comigo cada movimento seu. Trago isso \u00e0 luz porque essa postura n\u00e3o foi honrosa e tampouco digna de um irm\u00e3o; foi com esse tipo de atitude que a confian\u00e7a e a amizade foram sendo afastadas, pouco a pouco, sob o peso de escolhas que ignoraram o respeito que nos unia. Voc\u00ea consegue se lembrar disso, irm\u00e3o?<\/p>\n\n\n\n<p class=\"has-accent-color has-text-color has-link-color wp-elements-22 wp-block-paragraph\">Passados alguns anos, enquanto eu lutava com todas as minhas for\u00e7as para recome\u00e7ar a vida, vivi um momento de extrema urg\u00eancia: era o \u00faltimo dia para o pagamento da minha matr\u00edcula na Unifor e eu precisava de ajuda financeira para n\u00e3o perder o semestre. Fui ao trabalho do Tio Cleto em busca de socorro, mas voc\u00ea estava na porta e, com uma frieza que me marcou, sequer me deixou entrar; disse que faculdade era besteira e que o tio estava ocupado demais para me receber. Sa\u00ed dali com o peso da decep\u00e7\u00e3o e a tristeza de ver meu pr\u00f3prio irm\u00e3o impedir o meu acesso a uma chance de futuro. Lembra desse dia e da import\u00e2ncia do que estava em jogo para mim, mano?<\/p>\n\n\n\n<p class=\"has-accent-color has-text-color has-link-color wp-elements-23 wp-block-paragraph\">Outra vez, caminh\u00e1vamos pela Aldeota quando o destino colocou em nosso caminho o propriet\u00e1rio da f\u00e1brica de jeans Destak. Diante de n\u00f3s, ele manifestou a necessidade de um contador e, reconhecendo minha prontid\u00e3o, convidou me para o cargo ali mesmo. Foi ent\u00e3o que recebi um balde de \u00e1gua fria: na minha frente, voc\u00ea interpelou a oferta, dizendo que arranjaria outro profissional e insistiu para que ele n\u00e3o me contratasse. Eu era um jovem rec\u00e9m formado, lutando para recome\u00e7ar a vida e precisando desesperadamente daquela oportunidade para me sustentar, mas voc\u00ea agiu deliberadamente para fechar a porta que se abria de forma t\u00e3o leg\u00edtima. Por que impedir o p\u00e3o na mesa do seu pr\u00f3prio sangue? Voc\u00ea consegue recordar deste fato irm\u00e3o?<\/p>\n\n\n\n<p class=\"has-accent-color has-text-color has-link-color wp-elements-24 wp-block-paragraph\">Henrique, recordo me com profunda tristeza de um epis\u00f3dio que marcou o per\u00edodo do meu div\u00f3rcio com a Ana Karolina, em Jo\u00e3o Pessoa. Ela me confidenciou, tempos depois, que voc\u00ea a procurou em uma visita \u00fanica com o prop\u00f3sito deliberado de me difamar durante horas, um ato que gostaria que voc\u00ea compreendesse de forma clara: quando um irm\u00e3o usa sua voz para minar a imagem do outro perante sua pr\u00f3pria fam\u00edlia em um momento de fragilidade, ele n\u00e3o ataca apenas o indiv\u00edduo, mas fere a estrutura do que \u00e9 sagrado entre n\u00f3s, gerando repercuss\u00f5es que podem ecoar por uma eternidade e causando um mal dif\u00edcil de mensurar \u00e0 harmonia do nosso sangue e ao legado de nossa fam\u00edlia. Voc\u00ea consegue ter a consci\u00eancia do impacto que essa a\u00e7\u00e3o teve e consegue lembrar desse dia, mano?<\/p>\n\n\n\n<p class=\"has-accent-color has-text-color has-link-color wp-elements-25 wp-block-paragraph\">Henrique, tempos depois, chegando ao meu pr\u00e9dio na Rua Ana Bilhar, fui avisado pelo porteiro de que voc\u00ea havia entrado em meu apartamento. Ao chegar, o encontrei sentado ao ch\u00e3o, de cigarro em punho, proferindo asneiras \u00e0 Maria do Socorro, m\u00e3e do meu primog\u00eanito, em um di\u00e1logo impensado que causou danos profundos ao semear a disc\u00f3rdia em meu lar, sendo esse um dos estopins que me levaram a um novo div\u00f3rcio e que a influenciou a me perseguir juridicamente por longos anos. Gostaria que voc\u00ea refletisse sobre o peso de invadir a intimidade de um irm\u00e3o para plantar d\u00favidas e conflitos, pois esse gesto n\u00e3o feriu apenas a mim, mas desestabilizou a vida de todos os que dependiam daquele equil\u00edbrio familiar. Voc\u00ea consegue recordar a gravidade dessa sua atitude, mano?<\/p>\n\n\n\n<p class=\"has-accent-color has-text-color has-link-color wp-elements-26 wp-block-paragraph\">Henrique, recordo ainda de quando conversas maldosas sobre mim come\u00e7aram a circular pelo Morro Branco e, ao apurar a origem, descobri com profunda decep\u00e7\u00e3o que vinham de Lucas, seu filho \u2014 o mesmo que eu, em um ato de puro amor, registrei como pai para proteg\u00ea lo. Ao interpel\u00e1 lo, ele me revelou que apenas repetia o que ouvira de voc\u00ea e, quando o questionei, voc\u00ea afirmou que fez aquilo para \u201cdar uma li\u00e7\u00e3o de moral\u201d no menino. Gostaria que voc\u00ea refletisse sobre o paradoxo de difamar o pr\u00f3prio irm\u00e3o, que sempre lhe estendeu a m\u00e3o, sob o pretexto de educar um filho, pois ao agir assim, voc\u00ea n\u00e3o apenas feriu o meu nome, mas ensinou ao Lucas que os la\u00e7os de sangue e a gratid\u00e3o podem ser sacrificados em nome de uma li\u00e7\u00e3o distorcida. Voc\u00ea consegue lembrar dessa a\u00e7\u00e3o e perceber o quanto ela foi injusta com quem tanto cuidou de voc\u00eas, mano?<\/p>\n\n\n\n<p class=\"has-accent-color has-text-color has-link-color wp-elements-27 wp-block-paragraph\">Irm\u00e3o, e agora bem recente, tenho observado de forma anal\u00edtica um padr\u00e3o que transcende a coincid\u00eancia: a maneira sistem\u00e1tica como meus amigos evaporam do meu conv\u00edvio para, logo em seguida, ressurgirem ao seu lado. Esse movimento de capturar meus v\u00ednculos revela uma busca por valida\u00e7\u00e3o atrav\u00e9s do espelhamento, como se ao apropriar se das minhas rela\u00e7\u00f5es, voc\u00ea tentasse absorver a ess\u00eancia do que eu sou. Esse &#8220;sequestro social&#8221; indica uma psique que tenta isolar o irm\u00e3o para ocupar um palco que n\u00e3o lhe pertence, tentando preencher o pr\u00f3prio vazio com o que \u00e9 meu. Gostaria que voc\u00ea refletisse sobre o que motiva esse gatilho de posse, pois esse comportamento diz muito sobre sua car\u00eancia de identidade; voc\u00ea consegue identificar essa natureza predat\u00f3ria em suas a\u00e7\u00f5es ou ainda acredita que esse padr\u00e3o seja acidental irm\u00e3o?<\/p>\n\n\n\n<p class=\"has-accent-color has-text-color has-link-color wp-elements-28 wp-block-paragraph\">Henrique, quando caminhamos no Morro Branco, voc\u00ea me falou com orgulho sobre a estabilidade de residir no mesmo lugar h\u00e1 dez anos e citou que figuras como Dr. Djacir Figueiredo e o empres\u00e1rio Deusmar Queiroz o admiram pela sua intelig\u00eancia e honestidade. No entanto, essa trilogia de &#8220;seguran\u00e7a, intelig\u00eancia e honestidade&#8221; que voc\u00ea apresenta ao mundo, para mim, seu irm\u00e3o mais novo, ainda carece de valor real, pois o seu caminhar ao meu lado sempre projetou uma distor\u00e7\u00e3o inadequada. \u00c9 doloroso perceber que a retid\u00e3o que voc\u00ea utiliza para com os outros nunca foi aplicada \u00e0 nossa rela\u00e7\u00e3o, onde voc\u00ea muitas vezes se comportou como um algoz, permitindo que uma inveja silenciosa da minha felicidade e das minhas conquistas, por menores que fossem, impedisse voc\u00ea de celebrar comigo como um verdadeiro irm\u00e3o. <\/p>\n\n\n\n<p class=\"has-accent-color has-text-color has-link-color wp-elements-29 wp-block-paragraph\">Eu sinceramente acredito que voc\u00ea possua bondade em seu interior, mas para que essa sua &#8220;trilogia&#8221; de virtudes seja plena e verdadeira perante o Criador, ela precisa primeiro se manifestar na repara\u00e7\u00e3o e na verdade com o seu pr\u00f3prio sangue. Voc\u00ea consegue refletir sobre essa dualidade entre quem voc\u00ea diz ser para o mundo e quem voc\u00ea tem sido para mim, mano?<\/p>\n\n\n\n<figure class=\"wp-block-image size-full\"><img loading=\"lazy\" decoding=\"async\" width=\"1024\" height=\"1024\" src=\"http:\/\/apenascontinue.com.br\/wp-content\/uploads\/2026\/01\/homens-examinando-um-dinheiro-na-mesa.jpg\" alt=\"\" class=\"wp-image-12\" srcset=\"https:\/\/apenascontinue.com.br\/wp-content\/uploads\/2026\/01\/homens-examinando-um-dinheiro-na-mesa.jpg 1024w, https:\/\/apenascontinue.com.br\/wp-content\/uploads\/2026\/01\/homens-examinando-um-dinheiro-na-mesa-300x300.jpg 300w, https:\/\/apenascontinue.com.br\/wp-content\/uploads\/2026\/01\/homens-examinando-um-dinheiro-na-mesa-150x150.jpg 150w, https:\/\/apenascontinue.com.br\/wp-content\/uploads\/2026\/01\/homens-examinando-um-dinheiro-na-mesa-768x768.jpg 768w\" sizes=\"(max-width: 1024px) 100vw, 1024px\" \/><\/figure>\n\n\n\n<p class=\"has-accent-color has-text-color has-link-color wp-elements-30 wp-block-paragraph\"><strong>Quando a M\u00e3o do Irm\u00e3o Abre a Porta ao Desconhecido<\/strong><\/p>\n\n\n\n<p class=\"has-accent-color has-text-color has-link-color wp-elements-31 wp-block-paragraph\">Irm\u00e3o, nosso falecido pai trabalhava em sua empresa \u201cNordeste\u201d, e certa vez ele me relatou que, ao ligar o computador no trabalho, encontrou o registro de um furto \u00e0 minha pessoa. Tratava-se de um documento fraudulento onde determinado individuo estranho a fam\u00edlia, se apropriava indevidamente de todo meu investimento que j\u00e1 estava contratado aos seus cuidados e de sua empresa. Oportunamente voc\u00eas providenciaram reconhecimento de firma com data retroativa em cart\u00f3rio e, depois de toda a fraude aprovada pela diretoria, voc\u00ea autorizou o envio para o advogado de sua empresa no DF.<\/p>\n\n\n\n<p class=\"has-accent-color has-text-color has-link-color wp-elements-32 wp-block-paragraph\">Em conversa posterior com este advogado, ele abriu a gaveta de sua mesa, retirou tal documento fraudulento e me mostrou, falando que Henrique o havia solicitado, que ele inserisse no processo. Ele somente n\u00e3o o fez por motivos \u00f3bvios: tratava se de um embuste \u00e0 plena luz do dia. Neste meio tempo, outro advogado seu, este j\u00e1 em Fortaleza, me avisou que eu tinha que pagar uma vultosa quantia em dinheiro, chegava a quase 40% de todo valor investido, para que eu pudesse tomar posse novamente de tais investimentos. Eu assim o fiz, levei em dinheiro. Depois disso fui for\u00e7ado novamente pelo mesmo advogado a entregar mais recursos, desta vez provenientes de servi\u00e7os que eu havia executado, elevando ainda mais o vexame e o preju\u00edzo.<\/p>\n\n\n\n<p class=\"has-accent-color has-text-color has-link-color wp-elements-33 wp-block-paragraph\">Quer dizer, fui furtado com a sua anu\u00eancia, ou melhor, com o seu consentimento e sua estrutura toda favor\u00e1vel para uma pessoa estranha \u00e0 fam\u00edlia. Tal delinquente usou sua estrutura, seus advogados e sua concord\u00e2ncia. Ainda hoje n\u00e3o soube quem levou toda a grana do furto: se foi somente para o delinquente ou dividido em partes iguais.<\/p>\n\n\n\n<p class=\"has-accent-color has-text-color has-link-color wp-elements-34 wp-block-paragraph\">Quando voc\u00ea teve novamente a oportunidade de atentar contra mim, desta vez n\u00e3o comigo ou com minha fam\u00edlia, desta vez financeiramente, voc\u00ea o fez; valendo-se de estratagemas institucionais. Agiu de forma deliberada, deixando para tr\u00e1s o que se configura como uma fraude manifesta, um rastro de ilicitudes que \u00e9, juridicamente, constrangedor. No entanto, n\u00e3o evoco esses termos para puni-lo, mas para que possamos olhar a verdade de frente. Voc\u00ea reconhece a gravidade e o dolo dessas a\u00e7\u00f5es? Acredito que voc\u00ea possui a grandeza necess\u00e1ria para admitir esses pontos e buscar uma composi\u00e7\u00e3o a repara\u00e7\u00e3o dos danos. <\/p>\n\n\n\n<p class=\"has-accent-color has-text-color has-link-color wp-elements-35 wp-block-paragraph\">Pergunto-lhe, com o cora\u00e7\u00e3o aberto: voc\u00ea teria a hombridade de transformar esse erro em um marco de justi\u00e7a entre n\u00f3s, permitindo que isso seja o primeiro passo para a verdade, mano?<\/p>\n\n\n\n<figure class=\"wp-block-image size-full\"><img loading=\"lazy\" decoding=\"async\" width=\"1024\" height=\"1024\" src=\"http:\/\/apenascontinue.com.br\/wp-content\/uploads\/2026\/01\/dois-irmaos.jpg\" alt=\"\" class=\"wp-image-13\" srcset=\"https:\/\/apenascontinue.com.br\/wp-content\/uploads\/2026\/01\/dois-irmaos.jpg 1024w, https:\/\/apenascontinue.com.br\/wp-content\/uploads\/2026\/01\/dois-irmaos-300x300.jpg 300w, https:\/\/apenascontinue.com.br\/wp-content\/uploads\/2026\/01\/dois-irmaos-150x150.jpg 150w, https:\/\/apenascontinue.com.br\/wp-content\/uploads\/2026\/01\/dois-irmaos-768x768.jpg 768w\" sizes=\"(max-width: 1024px) 100vw, 1024px\" \/><\/figure>\n\n\n\n<p class=\"has-accent-color has-text-color has-link-color wp-elements-36 wp-block-paragraph\"><strong>Meu irm\u00e3o Henrique, me aponte o Grande Mal que lhe Fiz?<\/strong><\/p>\n\n\n\n<p class=\"has-accent-color has-text-color has-link-color wp-elements-37 wp-block-paragraph\">Ao longo da minha vida, lhe estendi a m\u00e3o em in\u00fameras oportunidades, sempre movido por amor e boa vontade. \u00c9 com profundo pesar que constato ter recebido, em troca, um misto de sentimentos que feriram minha alma: mentiras, cal\u00fanias, a destrui\u00e7\u00e3o de meus casamentos e o furto quando lhe foi oportuno. <\/p>\n\n\n\n<p class=\"has-accent-color has-text-color has-link-color wp-elements-38 wp-block-paragraph\">Hoje, quando voc\u00ea me procura, sou for\u00e7ado a me perguntar: o que meu irm\u00e3o Henrique quer de mim agora? Receberei um beijo no rosto para ser tra\u00eddo logo em seguida? Gostaria de acreditar que o tempo e os cabelos brancos trouxeram tamb\u00e9m a voc\u00ea, a nobreza, a temperan\u00e7a e a hombridade.<\/p>\n\n\n\n<p class=\"has-accent-color has-text-color has-link-color wp-elements-39 wp-block-paragraph\">Irm\u00e3o, vou lhe fazer a pergunta que trar\u00e1 a resposta definitiva para tudo isso:<\/p>\n\n\n\n<p class=\"has-accent-color has-text-color has-link-color wp-elements-40 wp-block-paragraph\">\u201c<strong>Me fale qual o grande mal que eu lhe fiz nesta vida<\/strong>?\u201d<\/p>\n\n\n\n<p class=\"has-accent-color has-text-color has-link-color wp-elements-41 wp-block-paragraph\">Me aponte este mal. Se ele existiu, eu preciso conhecer para me retratar e fazer um pedido de desculpas em alto e bom som, para que os quatro cantos do mundo possam ouvir. No entanto, caso voc\u00ea n\u00e3o consiga nomear esse mal, precisar\u00e1 reconhecer que a origem desse conflito n\u00e3o est\u00e1 em minhas a\u00e7\u00f5es, mas no que habita em seu pr\u00f3prio interior.<\/p>\n\n\n\n<figure class=\"wp-block-image size-large\"><img loading=\"lazy\" decoding=\"async\" width=\"1024\" height=\"721\" src=\"http:\/\/apenascontinue.com.br\/wp-content\/uploads\/2026\/01\/N-5-1024x721.jpg\" alt=\"\" class=\"wp-image-14\" srcset=\"https:\/\/apenascontinue.com.br\/wp-content\/uploads\/2026\/01\/N-5-1024x721.jpg 1024w, https:\/\/apenascontinue.com.br\/wp-content\/uploads\/2026\/01\/N-5-300x211.jpg 300w, https:\/\/apenascontinue.com.br\/wp-content\/uploads\/2026\/01\/N-5-768x540.jpg 768w, https:\/\/apenascontinue.com.br\/wp-content\/uploads\/2026\/01\/N-5-1536x1081.jpg 1536w, https:\/\/apenascontinue.com.br\/wp-content\/uploads\/2026\/01\/N-5-2048x1441.jpg 2048w\" sizes=\"(max-width: 1024px) 100vw, 1024px\" \/><\/figure>\n\n\n\n<p class=\"has-accent-color has-text-color has-link-color wp-elements-42 wp-block-paragraph\"><strong>Honrar o meu nome \u00e9, em ess\u00eancia, honrar o seu.<\/strong><\/p>\n\n\n\n<p class=\"has-accent-color has-text-color has-link-color wp-elements-43 wp-block-paragraph\">Lembre se, mano: carregamos o mesmo sobrenome, o mesmo sangue e a honra dos que vieram antes de n\u00f3s. Honrar o meu nome \u00e9, em ess\u00eancia, honrar o seu; n\u00e3o existe grandeza em diminuir aquele que compartilha a sua pr\u00f3pria identidade.<\/p>\n\n\n\n<p class=\"has-accent-color has-text-color has-link-color wp-elements-44 wp-block-paragraph\">Meu irm\u00e3o, expor essas feridas n\u00e3o \u00e9 um exerc\u00edcio de vingan\u00e7a, mas um profundo ato de esperan\u00e7a. Aquele la\u00e7o puro que nos unia na meninice ainda me faz acreditar que a reden\u00e7\u00e3o \u00e9 poss\u00edvel; no entanto, ela s\u00f3 pode nascer do reconhecimento honesto de quem fomos e do que fizemos um ao outro. <\/p>\n\n\n\n<p class=\"has-accent-color has-text-color has-link-color wp-elements-45 wp-block-paragraph\">N\u00e3o escrevo para mant\u00ea-lo acorrentado ao passado, mas para libertar o nosso futuro do peso dessas sombras que o tempo e a dist\u00e2ncia alimentaram. O perd\u00e3o que voc\u00ea talvez busque n\u00e3o pode ser um esquecimento conveniente, mas uma constru\u00e7\u00e3o \u00e1rdua e s\u00f3lida sobre a rocha da verdade.<\/p>\n\n\n\n<p class=\"has-accent-color has-text-color has-link-color wp-elements-46 wp-block-paragraph\">Irm\u00e3o, eu posso lhe esterder a m\u00e3o, n\u00e3o para validar suas faltas para com minha pessoa, mas para convid\u00e1-lo a caminhar comigo fora do labirinto do engano. Que a realidade dos fatos n\u00e3o o assuste, mas o transforme, para que possamos, enfim, honrar com pureza o ventre que nos gerou e o amor sagrado que nos une.<\/p>\n\n\n\n<figure class=\"wp-block-image size-full\"><img loading=\"lazy\" decoding=\"async\" width=\"1024\" height=\"1024\" src=\"http:\/\/apenascontinue.com.br\/wp-content\/uploads\/2026\/01\/o-tempo-como-destino.jpg\" alt=\"\" class=\"wp-image-15\" srcset=\"https:\/\/apenascontinue.com.br\/wp-content\/uploads\/2026\/01\/o-tempo-como-destino.jpg 1024w, https:\/\/apenascontinue.com.br\/wp-content\/uploads\/2026\/01\/o-tempo-como-destino-300x300.jpg 300w, https:\/\/apenascontinue.com.br\/wp-content\/uploads\/2026\/01\/o-tempo-como-destino-150x150.jpg 150w, https:\/\/apenascontinue.com.br\/wp-content\/uploads\/2026\/01\/o-tempo-como-destino-768x768.jpg 768w\" sizes=\"(max-width: 1024px) 100vw, 1024px\" \/><\/figure>\n\n\n\n<p class=\"has-accent-color has-text-color has-link-color wp-elements-47 wp-block-paragraph\"><strong>O Tempo como Dimens\u00e3o e Destino<\/strong><\/p>\n\n\n\n<p class=\"has-accent-color has-text-color has-link-color wp-elements-48 wp-block-paragraph\">Henrique, o que somos um para o outro neste exato momento? Pergunto isso porque cada instante que vivemos n\u00e3o se apaga, ele se torna parte da nossa estrutura. Tudo o que aconteceu \u00e9 real e continua existindo. O passado n\u00e3o foi para lugar nenhum, ele apenas se acomodou em uma dimens\u00e3o que ainda nos toca. O que diferencia o dia de hoje das sombras de outrora n\u00e3o \u00e9 o tempo que passou, mas a nossa capacidade de entender que estamos acessando uma conex\u00e3o entre o que fomos e o que somos agora. O passado n\u00e3o est\u00e1 em branco, e ignor\u00e1-lo \u00e9 tentar apagar uma parte da nossa pr\u00f3pria exist\u00eancia.<\/p>\n\n\n\n<p class=\"has-accent-color has-text-color has-link-color wp-elements-49 wp-block-paragraph\">O tempo funciona de forma diferente para cada um de n\u00f3s. O que para voc\u00ea parece distante, para mim \u00e9 uma mem\u00f3ria viva que se faz presente sempre que voc\u00ea se aproxima, pois surge o receio de novas decep\u00e7\u00f5es. Quando voltamos o pensamento ao que aconteceu, n\u00e3o estamos acessando algo que morreu, mas uma parte real da nossa hist\u00f3ria que serve de alerta. Por isso, diante dos danos causados, \u00e9 improv\u00e1vel que exista um bem-querer genu\u00edno agora, a menos que a sua consci\u00eancia se transforme. Se voc\u00ea come\u00e7ar reconhecendo o erro e desejar sinceramente alterar esse fluxo, esse trabalho mental poder\u00e1 limpar o seu estado atual e, s\u00f3 ent\u00e3o, abrir caminho para que o perd\u00e3o encontre solo para existir. Diante disso, voc\u00ea j\u00e1 se perguntou se o seu arrependimento busca apenas o al\u00edvio do seu pr\u00f3prio peso ou se ele nasce do desejo real de n\u00e3o me ferir mais? De que forma voc\u00ea pretende reconstruir o que foi quebrado, se o seu olhar ainda evita a verdade do que foi vivido? Voc\u00ea est\u00e1 disposto a deixar o orgulho de lado para permitir que uma nova consci\u00eancia cure esta etapa de nossa exist\u00eancia?<\/p>\n\n\n\n<p class=\"has-accent-color has-text-color has-link-color wp-elements-50 wp-block-paragraph\">N\u00e3o tenho interesse em espant\u00e1-lo, mas precisamos encarar a verdade: o tempo \u00e9 uma dimens\u00e3o da vida, n\u00e3o um rastro que simplesmente desaparece. Se os eventos de ontem est\u00e3o amarrados ao nosso presente, quais ser\u00e3o os resultados das escolhas que poderemos fazer hoje? Para mudar o horizonte, n\u00e3o basta desejar, \u00e9 preciso entender que o passado n\u00e3o est\u00e1 morto, ele \u00e9 o solo onde podemos pisar em qualquer mem\u00f3ria real. \u00c9 a partir dessa consci\u00eancia que pergunto: o que podemos, de fato, transformar para que o futuro n\u00e3o seja apenas uma repeti\u00e7\u00e3o do que j\u00e1 ficou gravado? Eu o convido a olhar para al\u00e9m do erro e escolher o caminho do bem e do perd\u00e3o genu\u00edno. Seria poss\u00edvel darmos esse passo juntos em dire\u00e7\u00e3o a uma vida plena, onde a verdade nos liberte para um novo despertar?<\/p>\n\n\n\n<figure class=\"wp-block-image size-full\"><img loading=\"lazy\" decoding=\"async\" width=\"1024\" height=\"1024\" src=\"http:\/\/apenascontinue.com.br\/wp-content\/uploads\/2026\/01\/ancioes.jpg\" alt=\"\" class=\"wp-image-16\" srcset=\"https:\/\/apenascontinue.com.br\/wp-content\/uploads\/2026\/01\/ancioes.jpg 1024w, https:\/\/apenascontinue.com.br\/wp-content\/uploads\/2026\/01\/ancioes-300x300.jpg 300w, https:\/\/apenascontinue.com.br\/wp-content\/uploads\/2026\/01\/ancioes-150x150.jpg 150w, https:\/\/apenascontinue.com.br\/wp-content\/uploads\/2026\/01\/ancioes-768x768.jpg 768w\" sizes=\"(max-width: 1024px) 100vw, 1024px\" \/><\/figure>\n\n\n\n<p class=\"has-accent-color has-text-color has-link-color wp-elements-51 wp-block-paragraph\"><strong>O Alinhamento das Almas e o Despertar<\/strong><\/p>\n\n\n\n<p class=\"has-accent-color has-text-color has-link-color wp-elements-52 wp-block-paragraph\">Henrique, hoje compreendo que o meu verdadeiro car\u00e1ter n\u00e3o se revela apenas no cumprimento das minhas obriga\u00e7\u00f5es, mas naquilo que eu busco quando sou livre para escolher o meu destino. Por muito tempo, eu me contentei com o lama\u00e7al de escolhas pequenas e de atitudes que feriam, esquecendo-me de que fui criado para algo maior. Decidi, ent\u00e3o, abandonar as sombras do homem que eu fui para buscar o ar puro das altitudes. Como ensina o profeta Isa\u00edas, eu escolhi esperar no Senhor para renovar as minhas for\u00e7as e subir com asas como \u00e1guia, pois entendi que n\u00e3o h\u00e1 dignidade para mim em permanecer onde a lama obscurecia a minha vis\u00e3o. Minha coragem hoje est\u00e1 em voar em dire\u00e7\u00e3o \u00e0 luz.<\/p>\n\n\n\n<p class=\"has-accent-color has-text-color has-link-color wp-elements-53 wp-block-paragraph\">N\u00e3o sinto nada mais poderoso em minha vida do que o testemunho da minha pr\u00f3pria alma, que conheceu o peso do erro e, pela gra\u00e7a, foi conduzida \u00e0 reden\u00e7\u00e3o. Para mim, o arrependimento n\u00e3o foi um sinal de fraqueza, mas a for\u00e7a que eu precisei para transformar o meu passado de falhas em uma miss\u00e3o de servi\u00e7o e zelo. Por j\u00e1 ter estado perdido, hoje valorizo a retid\u00e3o com um fervor que eu antes desconhecia. Trago em mim essa autoridade: a de quem n\u00e3o esconde as cicatrizes das tramas antigas, mas as usa como um lembrete do homem que eu jamais desejo voltar a ser. \u00c9 sob essa minha nova perspectiva, purificada pela ora\u00e7\u00e3o, que me apresento a voc\u00ea \u2014 como um irm\u00e3o que descobriu que a minha maior liberdade \u00e9 viver com as asas limpas.<\/p>\n\n\n\n<figure class=\"wp-block-image size-full\"><img loading=\"lazy\" decoding=\"async\" width=\"1024\" height=\"1024\" src=\"http:\/\/apenascontinue.com.br\/wp-content\/uploads\/2026\/01\/templo-desconhecido.jpg\" alt=\"\" class=\"wp-image-17\" srcset=\"https:\/\/apenascontinue.com.br\/wp-content\/uploads\/2026\/01\/templo-desconhecido.jpg 1024w, https:\/\/apenascontinue.com.br\/wp-content\/uploads\/2026\/01\/templo-desconhecido-300x300.jpg 300w, https:\/\/apenascontinue.com.br\/wp-content\/uploads\/2026\/01\/templo-desconhecido-150x150.jpg 150w, https:\/\/apenascontinue.com.br\/wp-content\/uploads\/2026\/01\/templo-desconhecido-768x768.jpg 768w\" sizes=\"(max-width: 1024px) 100vw, 1024px\" \/><\/figure>\n\n\n\n<p class=\"has-accent-color has-text-color has-link-color wp-elements-54 wp-block-paragraph\"><strong>O Encontro com o Criador<\/strong><\/p>\n\n\n\n<p class=\"has-accent-color has-text-color has-link-color wp-elements-55 wp-block-paragraph\">Henrique, aos nossos 61 e 62 anos, o entardecer da vida se aproxima e, com ele, a necessidade de estarmos leves para o nosso futuro encontro com o Criador. Para que possamos caminhar juntos novamente, acredito que o perd\u00e3o precisa ser um caminho de m\u00e3o dupla, sem pesos ou amarras. Por isso, de cora\u00e7\u00e3o aberto, pe\u00e7o perd\u00e3o pelas minhas incont\u00e1veis falhas ao longo dessa jornada; sei que sua vida foi dura e, em muitos momentos, eu poderia ter ajudado ainda mais. Do fundo da minha alma: me perdoe. Que possamos deixar para tr\u00e1s o que nos feriu e seguir adiante com a paz que s\u00f3 a verdadeira reconcilia\u00e7\u00e3o pode proporcionar.<\/p>\n\n\n\n<p class=\"has-accent-color has-text-color has-link-color wp-elements-56 wp-block-paragraph\">Mas insisto, irm\u00e3o: para que eu possa me abrir novamente a voc\u00ea, o caminho exige um reconhecimento pleno de tudo o que vivemos e uma repara\u00e7\u00e3o concreta. <\/p>\n\n\n\n<p class=\"has-accent-color has-text-color has-link-color wp-elements-57 wp-block-paragraph\">Irm\u00e3o, j\u00e1 faz alguns anos que voc\u00ea me ligou e prop\u00f4s uma repara\u00e7\u00e3o financeira; caso essa vontade ainda persista, eu a entenderei como a selagem de um compromisso com a retid\u00e3o e com a dignidade que todos n\u00f3s possuimos. <\/p>\n\n\n\n<p class=\"has-accent-color has-text-color has-link-color wp-elements-58 wp-block-paragraph\">Ainda temos tempo de sermos felizes neste plano; n\u00f3s merecemos essa paz, e a constru\u00e7\u00e3o desse novo tempo depende exclusivamente de nossa disposi\u00e7\u00e3o em agir com dignidade.<\/p>\n\n\n\n<p class=\"has-accent-color has-text-color has-link-color wp-elements-59 wp-block-paragraph\">Como ensinado por Jesus: &#8220;Portanto, se trouxeres a tua oferta ao altar, e a\u00ed te lembrares de que teu irm\u00e3o tem alguma coisa contra ti, deixa ali diante do altar a tua oferta, e vai reconciliar-te primeiro com teu irm\u00e3o e, depois, vem e apresenta a tua oferta.  Mateus 5:23\u201324&#8221;<\/p>\n\n\n\n<p class=\"has-accent-color has-text-color has-link-color wp-elements-60 wp-block-paragraph\">Se n\u00e3o pudermos viver essa verdade aqui, que a eternidade resolva o que a vida n\u00e3o p\u00f4de ajustar.<\/p>\n\n\n\n<p class=\"has-accent-color has-text-color has-link-color wp-elements-61 wp-block-paragraph\">Fique com Deus,<\/p>\n\n\n\n<p class=\"has-accent-color has-text-color has-link-color wp-elements-62 wp-block-paragraph\">de seu irm\u00e3o, Ricardo<\/p>\n\n\n\n<p class=\"wp-block-paragraph\"><\/p>\n","protected":false},"excerpt":{"rendered":"<p>Portanto, se trouxeres a tua oferta ao altar, e a\u00ed te lembrares de que teu irm\u00e3o tem alguma coisa contra ti, deixa ali diante do altar a tua oferta, e vai reconciliar-te primeiro com teu irm\u00e3o e, depois, vem e apresenta a tua oferta. Mateus 5:23\u201324<\/p>\n","protected":false},"author":1,"featured_media":0,"comment_status":"closed","ping_status":"closed","sticky":false,"template":"","format":"standard","meta":{"_crdt_document":"","footnotes":""},"categories":[1],"tags":[],"class_list":["post-7","post","type-post","status-publish","format-standard","hentry","category-sem-categoria"],"_links":{"self":[{"href":"https:\/\/apenascontinue.com.br\/index.php?rest_route=\/wp\/v2\/posts\/7","targetHints":{"allow":["GET"]}}],"collection":[{"href":"https:\/\/apenascontinue.com.br\/index.php?rest_route=\/wp\/v2\/posts"}],"about":[{"href":"https:\/\/apenascontinue.com.br\/index.php?rest_route=\/wp\/v2\/types\/post"}],"author":[{"embeddable":true,"href":"https:\/\/apenascontinue.com.br\/index.php?rest_route=\/wp\/v2\/users\/1"}],"replies":[{"embeddable":true,"href":"https:\/\/apenascontinue.com.br\/index.php?rest_route=%2Fwp%2Fv2%2Fcomments&post=7"}],"version-history":[{"count":3,"href":"https:\/\/apenascontinue.com.br\/index.php?rest_route=\/wp\/v2\/posts\/7\/revisions"}],"predecessor-version":[{"id":21,"href":"https:\/\/apenascontinue.com.br\/index.php?rest_route=\/wp\/v2\/posts\/7\/revisions\/21"}],"wp:attachment":[{"href":"https:\/\/apenascontinue.com.br\/index.php?rest_route=%2Fwp%2Fv2%2Fmedia&parent=7"}],"wp:term":[{"taxonomy":"category","embeddable":true,"href":"https:\/\/apenascontinue.com.br\/index.php?rest_route=%2Fwp%2Fv2%2Fcategories&post=7"},{"taxonomy":"post_tag","embeddable":true,"href":"https:\/\/apenascontinue.com.br\/index.php?rest_route=%2Fwp%2Fv2%2Ftags&post=7"}],"curies":[{"name":"wp","href":"https:\/\/api.w.org\/{rel}","templated":true}]}}